{"id":1568,"date":"2021-01-24T16:13:59","date_gmt":"2021-01-24T16:13:59","guid":{"rendered":"https:\/\/www.bikeslovakia.com\/bike-journey-from-slovakia-to-portugal\/"},"modified":"2021-05-19T09:05:56","modified_gmt":"2021-05-19T08:05:56","slug":"na-bicykli-napriec-europou-zo-slovenska-do-portugalska","status":"publish","type":"post","link":"https:\/\/www.bikeslovakia.com\/sk\/na-bicykli-napriec-europou-zo-slovenska-do-portugalska\/","title":{"rendered":"Na bicykli naprie\u010d Eur\u00f3pou: zo Slovenska do Portugalska"},"content":{"rendered":"<!--themify_builder_content-->\n<div id=\"themify_builder_content-1568\" data-postid=\"1568\" class=\"themify_builder_content themify_builder_content-1568 themify_builder tf_clear\">\n                    <div  data-css_id=\"wgbj613\" data-lazy=\"1\" class=\"module_row themify_builder_row fullheight fullwidth_row_container tb_wgbj613 tb_first tf_w\">\n            <span  class=\"builder_row_cover tf_abs\" data-lazy=\"1\"><\/span>            <div class=\"row_inner col_align_top tb_col_count_1 tf_box tf_rel\">\n                        <div  data-lazy=\"1\" class=\"module_column tb-column col-full tb_efnu614 first\">\n                    <!-- module text -->\n<div  class=\"module module-text tb_g7j2614  repeat \" data-lazy=\"1\">\n        <div  class=\"tb_text_wrap\">\n        <h1>Na bicykli naprie\u010d Eur\u00f3pou: zo Slovenska do Portugalska<\/h1>    <\/div>\n<\/div>\n<!-- \/module text --><!-- module text -->\n<div  class=\"module module-text tb_mt06616  repeat \" data-lazy=\"1\">\n        <div  class=\"tb_text_wrap\">\n        <h2 style=\"text-align: center;\">Cesta zo strednej Eur\u00f3py k Atlantiku<\/h2>    <\/div>\n<\/div>\n<!-- \/module text --><!-- module buttons -->\n<div  class=\"module module-buttons tb_4nsk616 buttons-horizontal outline  circle\" data-lazy=\"1\">\n        <div class=\"module-buttons-item tf_in_flx\">\n                        <a href=\"#whatis\" class=\"ui builder_button tf_in_flx transparent\" >\n                                                Chcem \u010d\u00edta\u0165                                        <\/a>\n                <\/div>\n            <\/div>\n<!-- \/module buttons -->\n        <\/div>\n                        <\/div>\n        <\/div>\n                        <div  data-anchor=\"whatis\" data-hide-anchor=\"1\" data-lazy=\"1\" class=\"module_row themify_builder_row tb_has_section tb_section-whatis tb_2ykj888 tf_w\">\n                        <div class=\"row_inner col_align_top tb_col_count_1 tf_box tf_rel\">\n                        <div  data-lazy=\"1\" class=\"module_column tb-column col-full tb_arox889 first\">\n                    <!-- module text -->\n<div  class=\"module module-text tb_ngur119   \" data-lazy=\"1\">\n    <h3 class=\"module-title\">Na bicykli naprie\u010d Eur\u00f3pou: zo Slovenska do Portugalska<\/h3>    <div  class=\"tb_text_wrap\">\n        <p>U\u017e od detstva som bol o\u010daren\u00fd Eur\u00f3pou. Jej geografiou, rozmanitos\u0165ou, dejinami. Od star\u00e9ho otca som dostal n\u00e1dhern\u00fa topografick\u00fa mapu Eur\u00f3py a doteraz vis\u00ed na stene nad mojou poste\u013eou. Moje nad\u0161enie cestova\u0165 a objavova\u0165 sveta ma viedla k \u0161t\u00fadiu geografie na univerzite v Bratislave. P\u00e4\u0165 rokov \u0161t\u00fadia plus jeden rok prest\u00e1vky vyu\u017eit\u00fd na pobyt v zahrani\u010d\u00ed utiekli a v j\u00fani roku 2008 som sa ocitol s titulom. Ke\u010f\u017ee ma \u010dakali dva mesiace vo\u013ena pred \u010fal\u0161\u00edmi pracovn\u00fdmi v\u00fdzvami, c\u00edtil som potrebu si pre\u010disti\u0165 hlavu. My\u0161lienka cyklocesty z domu k atlantick\u00e9mu pobre\u017eiu mi skrsla ako prirodzen\u00fd d\u00f4sledok m\u00f4jho geografick\u00e9ho brainstormingu.<\/p>    <\/div>\n<\/div>\n<!-- \/module text -->        <\/div>\n                        <\/div>\n        <\/div>\n                        <div  data-lazy=\"1\" class=\"module_row themify_builder_row tb_2oeq972 tf_w\">\n                        <div class=\"row_inner col_align_top tb_col_count_1 tf_box tf_rel\">\n                        <div  data-lazy=\"1\" class=\"module_column tb-column col-full tb_sxzx974 first\">\n                    <!-- module image -->\n<div  class=\"module module-image tb_cjz5202 image-center   tf_mw\" data-lazy=\"1\">\n        <div class=\"image-wrap tf_rel tf_mw\">\n            <img loading=\"lazy\" decoding=\"async\" src=\"https:\/\/www.bikeslovakia.com\/wp-content\/uploads\/2021\/01\/europe-map-bike-trip-slovakia-portugal-1024x710-800x554.jpg\" width=\"800\" height=\"554\" class=\"wp-post-image wp-image-1265\" title=\"europe map bike trip slovakia portugal\" alt=\"europe map bike trip slovakia portugal\" srcset=\"https:\/\/www.bikeslovakia.com\/wp-content\/uploads\/2021\/01\/europe-map-bike-trip-slovakia-portugal-1024x710-800x554.jpg 800w, https:\/\/www.bikeslovakia.com\/wp-content\/uploads\/2021\/01\/europe-map-bike-trip-slovakia-portugal-600x416.jpg 600w, https:\/\/www.bikeslovakia.com\/wp-content\/uploads\/2021\/01\/europe-map-bike-trip-slovakia-portugal-300x208.jpg 300w, https:\/\/www.bikeslovakia.com\/wp-content\/uploads\/2021\/01\/europe-map-bike-trip-slovakia-portugal-1024x710.jpg 1024w, https:\/\/www.bikeslovakia.com\/wp-content\/uploads\/2021\/01\/europe-map-bike-trip-slovakia-portugal-768x533.jpg 768w, https:\/\/www.bikeslovakia.com\/wp-content\/uploads\/2021\/01\/europe-map-bike-trip-slovakia-portugal.jpg 1129w\" sizes=\"auto, (max-width: 800px) 100vw, 800px\" \/>    \n        <\/div>\n    <!-- \/image-wrap -->\n    \n        <\/div>\n<!-- \/module image -->        <\/div>\n                        <\/div>\n        <\/div>\n                        <div  data-anchor=\"whatis\" data-hide-anchor=\"1\" data-lazy=\"1\" class=\"module_row themify_builder_row tb_has_section tb_section-whatis tb_2wcu417 tf_w\">\n                        <div class=\"row_inner col_align_top tb_col_count_1 tf_box tf_rel\">\n                        <div  data-lazy=\"1\" class=\"module_column tb-column col-full tb_lmny418 first\">\n                    <!-- module text -->\n<div  class=\"module module-text tb_bzj2418   \" data-lazy=\"1\">\n    <h3 class=\"module-title\">S\u00f3lo jazda ako cestovate\u013esk\u00e1 v\u00fdzva<\/h3>    <div  class=\"tb_text_wrap\">\n        <p>Nebol som zvyknut\u00fd cestova\u0165 s\u00e1m. Ale akosi som c\u00edtil, \u017ee by som to mal sk\u00fasi\u0165. V\u00fdzvu putovania na bicykli naprie\u010d eur\u00f3pskym kontinentom som prijal. Mojimi spolo\u010dn\u00edkmi sa mal sta\u0165 m\u00f4j trekingov\u00fd bicykel, ako aj mno\u017estvo ne\u010dakan\u00fdch aj napl\u00e1novan\u00fdch \u013eudsk\u00fdch stretnut\u00ed. Rozpo\u010det som mal limitovan\u00fd, tak\u017ee prirodzenou vo\u013ebou bolo zobra\u0165 stan, spac\u00e1k a kempingov\u00e1 v\u00fdbava na varenie. Toto bolo v \u010dase, ke\u010f nebolo be\u017en\u00e9 pou\u017e\u00edva\u0165 navig\u00e1ciu GPS, tak cestn\u00e1 mapa Eur\u00f3py v mierke 1:1 000 000 ma sprev\u00e1dzala po\u010das celej cesty. Nie dokonalo, ale sprev\u00e1dzala. V pl\u00e1ne som mal prejs\u0165 4,500 kilometrov za dva mesiace, vr\u00e1tane nejak\u00fdch dn\u00ed na odpo\u010dinok a stretnutia nov\u00fdch kamar\u00e1tov v\u010faka sieti Couchsurfing.<\/p>\n<p>Prv\u00fd t\u00fd\u017ede\u0148 sme od\u0161tartovali popri Dunaji smerom na z\u00e1pad do Rak\u00faska s kamar\u00e1tmi Jozefom a V\u00e1clavom. Rovinat\u00e1 cyklotrasa popri rieke medzi Vied\u0148ou a Linzom bola v\u00fdborn\u00e1 na \u00favodn\u00e9 rozbicyklovanie. Cesta za\u010dala st\u00fapa\u0165 cez n\u00e1dhern\u00fa scen\u00e9riu jazier a h\u00f4r So\u013enej komory pri Salzburgu. Tu aj nastal \u010das sa rozl\u00fa\u010di\u0165 s kamo\u0161mi a pokra\u010dova\u0165 s\u00e1m.<\/p>    <\/div>\n<\/div>\n<!-- \/module text -->        <\/div>\n                        <\/div>\n        <\/div>\n                        <div  data-lazy=\"1\" class=\"module_row themify_builder_row tb_27qv182 tf_w\">\n                        <div class=\"row_inner col_align_top tb_col_count_1 tf_box tf_rel\">\n                        <div  data-lazy=\"1\" class=\"module_column tb-column col-full tb_ufff184 first\">\n                    <!-- module image -->\n<div  class=\"module module-image tb_kghg184 image-center   tf_mw\" data-lazy=\"1\">\n        <div class=\"image-wrap tf_rel tf_mw\">\n            <img loading=\"lazy\" decoding=\"async\" src=\"https:\/\/www.bikeslovakia.com\/wp-content\/uploads\/2021\/01\/austria-salzkammergut-800x534.jpg\" width=\"800\" height=\"534\" class=\"wp-post-image wp-image-1268\" title=\"Austria Salzkammergut\" alt=\"Austria Salzkammergut\" srcset=\"https:\/\/www.bikeslovakia.com\/wp-content\/uploads\/2021\/01\/austria-salzkammergut-800x534.jpg 800w, https:\/\/www.bikeslovakia.com\/wp-content\/uploads\/2021\/01\/austria-salzkammergut-600x401.jpg 600w, https:\/\/www.bikeslovakia.com\/wp-content\/uploads\/2021\/01\/austria-salzkammergut-300x200.jpg 300w, https:\/\/www.bikeslovakia.com\/wp-content\/uploads\/2021\/01\/austria-salzkammergut-768x513.jpg 768w, https:\/\/www.bikeslovakia.com\/wp-content\/uploads\/2021\/01\/austria-salzkammergut.jpg 1000w\" sizes=\"auto, (max-width: 800px) 100vw, 800px\" \/>    \n        <\/div>\n    <!-- \/image-wrap -->\n    \n        <\/div>\n<!-- \/module image -->        <\/div>\n                        <\/div>\n        <\/div>\n                        <div  data-anchor=\"whatis\" data-hide-anchor=\"1\" data-lazy=\"1\" class=\"module_row themify_builder_row tb_has_section tb_section-whatis tb_rh94666 tf_w\">\n                        <div class=\"row_inner col_align_top tb_col_count_1 tf_box tf_rel\">\n                        <div  data-lazy=\"1\" class=\"module_column tb-column col-full tb_ukzw667 first\">\n                    <!-- module text -->\n<div  class=\"module module-text tb_s4d4668   \" data-lazy=\"1\">\n    <h3 class=\"module-title\">Prich\u00fdlen\u00fd v Alp\u00e1ch<\/h3>    <div  class=\"tb_text_wrap\">\n        <p>Rak\u00faske Alpy s\u00fa \u00fa\u017easn\u00fdm miestom na cyklistiku. Segregovan\u00e9 spevnen\u00e9 cyklotrasy umo\u017e\u0148uj\u00fa si v bezpe\u010d\u00ed u\u017ei\u0165 \u00fa\u017easn\u00e9 horsk\u00e9 scen\u00e9rie a \u0161of\u00e9ri s\u00fa ve\u013emi tolerantn\u00ed k cyklistom. Jedin\u00fdm probl\u00e9m sa m\u00f4\u017ee\u0161 sta\u0165 po\u010dasie. V mojom pr\u00edpade otestovali moju odolnos\u0165 u\u017e v prvom horskom sedle. Siln\u00fd d\u00e1\u017e\u010f ma sprev\u00e1dzal aj cel\u00fd dlh\u00fd zjazd do \u00fadolia a po hodine som bol tot\u00e1lne premo\u010den\u00fd, vr\u00e1tane ve\u013ekej v\u00e4\u010d\u0161iny vec\u00ed. Moje premokav\u00e9 cyklota\u0161ky boli pripraven\u00e9 na n\u00e1horn\u00e9 plo\u0161iny \u0160panielska v auguste, ale nie na alpsk\u00e9 b\u00farky. Na\u0161\u0165astie, vyk\u00fapenie som na\u0161iel v podobe dreven\u00e9ho pr\u00edstre\u0161ku ako vstupn\u00e9ho priestoru s\u00fakromnej chaty pri ceste. Zabalil som sa do spac\u00e1ku a \u010dakal som od neskor\u00e9ho dopoludnia a\u017e do skor\u00e9ho ve\u010dera, ale siln\u00fd d\u00e1\u017e\u010f nie a nie usta\u0165.\u00a0<\/p>\n<p>U\u017e som sa za\u010dal pripravova\u0165, \u017ee v pr\u00edstre\u0161ku str\u00e1vim aj noc, ke\u010f zrazu prihu\u010dalo auto, vyst\u00fapil z neho mu\u017e a vypytoval sa, \u010do tam rob\u00edm. O\u010dividne majite\u013e chaty. Ur\u010dite ma vykopne, pomyslel som si. Pripravil som \u00fanikov\u00fd pl\u00e1n. Na moje prekvapenie, vyzval ma aby som ho nasledoval za autom. Tak som \u0161iel za n\u00edm. Majite\u013e chaty mi poskytol poste\u013e na noc a ve\u010deru s jeho rodinou k tomu zadarmo v jeho penzi\u00f3ne. Toto bolo jedin\u00fd kr\u00e1t po\u010das celej trasy, kedy mi bolo dopriate to\u013ekej starostlivosti. A uvedomil som si, \u017ee toto sa m\u00f4\u017ee sta\u0165 iba v ozaj pr\u00ed\u0161ernom po\u010das\u00e1. Posledn\u00ed bud\u00fa prv\u00fdmi! Ani som nevedel ako po\u010fakova\u0165 tejto dobrej du\u0161i Vorarlbergu.<\/p>    <\/div>\n<\/div>\n<!-- \/module text -->        <\/div>\n                        <\/div>\n        <\/div>\n                        <div  data-lazy=\"1\" class=\"module_row themify_builder_row tb_4r95479 tf_w\">\n                        <div class=\"row_inner col_align_top tb_col_count_1 tf_box tf_rel\">\n                        <div  data-lazy=\"1\" class=\"module_column tb-column col-full tb_tyj4480 first\">\n                    <!-- module image -->\n<div  class=\"module module-image tb_rnuy481 image-center   tf_mw\" data-lazy=\"1\">\n        <div class=\"image-wrap tf_rel tf_mw\">\n            <img loading=\"lazy\" decoding=\"async\" src=\"https:\/\/www.bikeslovakia.com\/wp-content\/uploads\/2021\/01\/austria-bike-rain-800x534.jpg\" width=\"800\" height=\"534\" class=\"wp-post-image wp-image-1271\" title=\"Austria Bike Rain\" alt=\"Austria Bike Rain\" srcset=\"https:\/\/www.bikeslovakia.com\/wp-content\/uploads\/2021\/01\/austria-bike-rain-800x534.jpg 800w, https:\/\/www.bikeslovakia.com\/wp-content\/uploads\/2021\/01\/austria-bike-rain-600x401.jpg 600w, https:\/\/www.bikeslovakia.com\/wp-content\/uploads\/2021\/01\/austria-bike-rain-300x200.jpg 300w, https:\/\/www.bikeslovakia.com\/wp-content\/uploads\/2021\/01\/austria-bike-rain-768x513.jpg 768w, https:\/\/www.bikeslovakia.com\/wp-content\/uploads\/2021\/01\/austria-bike-rain.jpg 1000w\" sizes=\"auto, (max-width: 800px) 100vw, 800px\" \/>    \n        <\/div>\n    <!-- \/image-wrap -->\n    \n        <\/div>\n<!-- \/module image -->        <\/div>\n                        <\/div>\n        <\/div>\n                        <div  data-anchor=\"whatis\" data-hide-anchor=\"1\" data-lazy=\"1\" class=\"module_row themify_builder_row tb_has_section tb_section-whatis tb_9q3j790 tf_w\">\n                        <div class=\"row_inner col_align_top tb_col_count_1 tf_box tf_rel\">\n                        <div  data-lazy=\"1\" class=\"module_column tb-column col-full tb_obdd792 first\">\n                    <!-- module text -->\n<div  class=\"module module-text tb_vd6h792   \" data-lazy=\"1\">\n    <h3 class=\"module-title\">Kr\u00ed\u017eom cez \u0160vaj\u010diarsko<\/h3>    <div  class=\"tb_text_wrap\">\n        <p>\u010eal\u0161ie \u00fa\u017easn\u00e9 stretnutie s \u010dlove\u010dinou som za\u017eil len o de\u0148 alebo dva nesk\u00f4r vo \u0161vaj\u010diarskom meste\u010dku Chur. Cestovanie cez \u0160vaj\u010diarsko s n\u00edzkym rozpo\u010dtom m\u00f4\u017ee by\u0165 v\u00fdzva. Prekonal som svoje predsudky o chladn\u00fdch \u0160vaj\u010diaroch a nap\u00edsal svoju prv\u00fa \u017eiados\u0165 o ubytovanie cez Couchsurfing. A moja prv\u00e1 sk\u00fasenos\u0165 prekonala moje najv\u00e4\u010d\u0161ie o\u010dak\u00e1vania. Profil na tejto sieti som si spravil tesne pred cestou, nemal som teda \u017eiadne referencie. Chalan v Chure prijal moju \u017eiados\u0165 a cez sms mi poslal in\u0161trukcie, ako sa dosta\u0165 k nemu do kancel\u00e1rie na okraji mesta. Tu mi dal k\u013e\u00fa\u010de od bytu a presn\u00fa adresu. Bol to luxusn\u00fd penthouse na najvy\u0161\u0161om poschod\u00ed stredovek\u00e9ho domu v centre mesta. Doprial som si k\u00fape\u013e v rohovej vani, uvaril cestoviny pre oboch na ve\u010deru a potom sme pop\u00edjali pivo do neskor\u00fdch ve\u010dern\u00fdch hod\u00edn.\u00a0<\/p>\n<p style=\"text-align: left;\">\u0160vaj\u010diarsko bol sen na cyklistiku, \u010do sa t\u00fdka scen\u00e9ri\u00ed, ale nie a\u017e tak z poh\u013eadu miesta na postavenie stanu.\u00a0 Veru, s\u00fakromn\u00e9 vlastn\u00edctvo je to \u010do symbolizuje vysok\u00fa \u017eivotn\u00fa \u00farove\u0148, \u017ee? Akoko\u013evek, v\u010faka \u010fal\u0161iemu priate\u013esk\u00e9mu priv\u00e1taniu cez Couchsurfing v meste\u010dku Visp som si u\u017eil \u010fal\u0161\u00ed komfort a pozdie\u013eali \u010dosi zo svojich \u017eivotov. Visp bol moj strategick\u00fd v\u00fdber, ke\u010f\u017ee meste\u010dko je vstupnou br\u00e1nou do \u00fadolia Matter Vispa, na\u00a0 konci ktor\u00e9ho je n\u00e1dhern\u00fd Zermatt s v\u00fdh\u013eadmi na Matterhorn. Najlep\u0161\u00edm cyklistick\u00fdm z\u00e1\u017eitkom v\u0161ak bol v\u00fd\u0161\u013eap do sedla Furkapass (2436 m), najvy\u0161\u0161ieho miesta na celej mojej ceste medzi Slovenskom a Portugalskom.\u00a0<\/p>    <\/div>\n<\/div>\n<!-- \/module text -->        <\/div>\n                        <\/div>\n        <\/div>\n                        <div  data-lazy=\"1\" class=\"module_row themify_builder_row tb_7i5e172 tf_w\">\n                        <div class=\"row_inner col_align_top tb_col_count_1 tf_box tf_rel\">\n                        <div  data-lazy=\"1\" class=\"module_column tb-column col-full tb_f6h0173 first\">\n                    <!-- module image -->\n<div  class=\"module module-image tb_8db3174 image-center   tf_mw\" data-lazy=\"1\">\n        <div class=\"image-wrap tf_rel tf_mw\">\n            <img loading=\"lazy\" decoding=\"async\" src=\"https:\/\/www.bikeslovakia.com\/wp-content\/uploads\/2021\/01\/swiss-bike-800x534.jpg\" width=\"800\" height=\"534\" class=\"wp-post-image wp-image-1211\" title=\"Switzerland\" alt=\"Switzerland\" srcset=\"https:\/\/www.bikeslovakia.com\/wp-content\/uploads\/2021\/01\/swiss-bike-800x534.jpg 800w, https:\/\/www.bikeslovakia.com\/wp-content\/uploads\/2021\/01\/swiss-bike-600x401.jpg 600w, https:\/\/www.bikeslovakia.com\/wp-content\/uploads\/2021\/01\/swiss-bike-300x200.jpg 300w, https:\/\/www.bikeslovakia.com\/wp-content\/uploads\/2021\/01\/swiss-bike-768x513.jpg 768w, https:\/\/www.bikeslovakia.com\/wp-content\/uploads\/2021\/01\/swiss-bike.jpg 1000w\" sizes=\"auto, (max-width: 800px) 100vw, 800px\" \/>    \n        <\/div>\n    <!-- \/image-wrap -->\n    \n        <\/div>\n<!-- \/module image -->        <\/div>\n                        <\/div>\n        <\/div>\n                        <div  data-anchor=\"whatis\" data-hide-anchor=\"1\" data-lazy=\"1\" class=\"module_row themify_builder_row tb_has_section tb_section-whatis tb_sykw689 tf_w\">\n                        <div class=\"row_inner col_align_top tb_col_count_1 tf_box tf_rel\">\n                        <div  data-lazy=\"1\" class=\"module_column tb-column col-full tb_jizx690 first\">\n                    <!-- module text -->\n<div  class=\"module module-text tb_r0rt691   \" data-lazy=\"1\">\n    <h3 class=\"module-title\">Franc\u00fazsko, tu som!<\/h3>    <div  class=\"tb_text_wrap\">\n        <p>Franc\u00fazsko ma priv\u00edtalo v plnej par\u00e1de, s dychber\u00facimi v\u00fdh\u013eadmi na Mont Blanc z centra Chamonix. E\u0161te lep\u0161ie priv\u00e1tanie ma v\u0161ak \u010dakalo v malom historickom meste\u010dku Crest pri Valence, kde som str\u00e1vil nieko\u013eko noc\u00ed v rustik\u00e1lnej vile mojich zn\u00e1mych a za\u017eil, o \u010dom je skuto\u010dne franc\u00fazska gastron\u00f3mia. Nieko\u013eko chodov, nieko\u013eko hod\u00edn, ozaj \u0161t\u00fdlov\u00e9. Lisa ma aj ostrihala &#8211; a bol to jeden z najlep\u0161\u00edch \u00fa\u010desov, ak\u00e9 som kedy mal! A napokon, miestny alternat\u00edvny hudobn\u00fd festival, kde poh\u00e1r dom\u00e1ceho v\u00edna st\u00e1l 1\u20ac, bol jeden z najlep\u0161\u00edch z\u00e1\u017eitkov celej cesty.<\/p>\n<p>\u010ealej smerom na juhoz\u00e1pad, som pre\u0161iel nieko\u013eko \u0161armantn\u00fdch mal\u00fdch historick\u00fdch meste\u010diek Provens\u00e1lska a okolo mnoh\u00fdch levandulov\u00fdch pol\u00ed. \u010eal\u0161iu zast\u00e1vku na socializ\u00e1ciu som si spravil v meste Millau, zn\u00e1mom svojim najvy\u0161\u0161\u00edm cestn\u00fdm mostom na svete (246 metrov). Mojim hostite\u013eom bol mimoriadne srandovn\u00fd a kamar\u00e1tsky chlap\u00edk, ktor\u00fd ma na starom ru\u017eovom bicykli na \u010fal\u0161\u00ed de\u0148 vyprevadil dobr\u00fdch 50 kilometrov cez hory Provens\u00e1lska. Jeho \u017eivotnou cyklocestou pod\u013ea jeho slov v\u0161ak bol v\u00fdlet do Berl\u00edna, aby prekvapil svoju frajeru &#8211; na tomto bicykli!<\/p>    <\/div>\n<\/div>\n<!-- \/module text -->        <\/div>\n                        <\/div>\n        <\/div>\n                        <div  data-lazy=\"1\" class=\"module_row themify_builder_row tb_74vd684 tf_w\">\n                        <div class=\"row_inner col_align_top tb_col_count_1 tf_box tf_rel\">\n                        <div  data-lazy=\"1\" class=\"module_column tb-column col-full tb_nhuf687 first\">\n                    <!-- module image -->\n<div  class=\"module module-image tb_gg5a688 image-center   tf_mw\" data-lazy=\"1\">\n        <div class=\"image-wrap tf_rel tf_mw\">\n            <img loading=\"lazy\" decoding=\"async\" src=\"https:\/\/www.bikeslovakia.com\/wp-content\/uploads\/2021\/01\/france-provence-bike-800x534.jpg\" width=\"800\" height=\"534\" class=\"wp-post-image wp-image-1276\" title=\"Cycling in Provence, France\" alt=\"Cycling in Provence, France\" srcset=\"https:\/\/www.bikeslovakia.com\/wp-content\/uploads\/2021\/01\/france-provence-bike-800x534.jpg 800w, https:\/\/www.bikeslovakia.com\/wp-content\/uploads\/2021\/01\/france-provence-bike-600x401.jpg 600w, https:\/\/www.bikeslovakia.com\/wp-content\/uploads\/2021\/01\/france-provence-bike-300x200.jpg 300w, https:\/\/www.bikeslovakia.com\/wp-content\/uploads\/2021\/01\/france-provence-bike-768x513.jpg 768w, https:\/\/www.bikeslovakia.com\/wp-content\/uploads\/2021\/01\/france-provence-bike.jpg 1000w\" sizes=\"auto, (max-width: 800px) 100vw, 800px\" \/>    \n        <\/div>\n    <!-- \/image-wrap -->\n    \n        <\/div>\n<!-- \/module image -->        <\/div>\n                        <\/div>\n        <\/div>\n                        <div  data-anchor=\"whatis\" data-hide-anchor=\"1\" data-lazy=\"1\" class=\"module_row themify_builder_row tb_has_section tb_section-whatis tb_1vo5995 tf_w\">\n                        <div class=\"row_inner col_align_top tb_col_count_1 tf_box tf_rel\">\n                        <div  data-lazy=\"1\" class=\"module_column tb-column col-full tb_635b996 first\">\n                    <!-- module text -->\n<div  class=\"module module-text tb_t0u0996   \" data-lazy=\"1\">\n    <h3 class=\"module-title\">Naprie\u010d \u0160panielskom<\/h3>    <div  class=\"tb_text_wrap\">\n        <p>M\u00f4j prv\u00fd dotyk s morom na tejto ceste bolo Stredomorsk\u00e9 pobre\u017eie v katal\u00e1nskom stredisku Roses, len nieko\u013eko kilometrov od franc\u00fazsko-\u0161panielskej hranice. Kamar\u00e1tka zo Slovenska Barbora tu tr\u00e1vila pr\u00e1zdniny, tak\u017ee to bola dobr\u00e1 pr\u00edle\u017eitos\u0165 sa na p\u00e1r dn\u00ed zregenerova\u0165 na pl\u00e1\u017ei. Odd\u00fdchnut\u00fd, vybral som sa do kopcov Pyrenej\u00ed a naprie\u010d polop\u00fa\u0161tnou krajinou regi\u00f3nu Extremadura.<\/p>\n<p>Destin\u00e1ciou roka 2008 bola Zaragoza. Celosvetov\u00e1 v\u00fdstava Expo s tematikou vody pril\u00e1kala tis\u00edce n\u00e1v\u0161tevn\u00edkov. Ja som pozvanie neodmietol tie\u017e, v\u010faka diev\u010dat\u00e1m z Litvy, ktor\u00e9 boli dobrovo\u013en\u00ed\u010dkami v st\u00e1nke Litve na tejto megav\u00e1stave a tie\u017e ma na p\u00e1r noc\u00ed ubytovali.<\/p>\n<p>Pred bicyklovan\u00edm \u0161panielskym stredozem\u00edm uprostred augusta som mal re\u0161pekt, ale leto bolo tohoto roku relat\u00edvne mierne, ke\u010f najvy\u0161\u0161ie denn\u00e9 teploty dosahovali okolo 35\u00b0C. Teplu som sa prisp\u00f4sobil aj tak, \u017ee som sa zob\u00fadzal e\u0161te pred v\u00fdchodom slnka, bicykloval predpoludn\u00edm a po\u010das obeda a popoludnia som si dal siestu v nejakom parku, pod olivovovn\u00edkom alebo na k\u00fapalisku meste\u010diek. Podve\u010der som e\u0161te pre\u0161iel nejak\u00fdch 40 kilometrov.<\/p>\n<p>Ako sa uk\u00e1zalo, n\u00e1js\u0165 ubytovanie cez Couchsurfing v Madride bolo priam nemo\u017en\u00e9. Madrid som sa rozhodol ob\u00eds\u0165 jeho ju\u017en\u00fdmi predmestiami a tak som sa pekne vyhol desivej doprave ve\u013ekomesta. Sp\u00e1nok pod hviezdami v olivovom h\u00e1ji s v\u00fdh\u013eadmi na no\u010dn\u00fd Madrid s f\u013ea\u0161kou miestneho \u010derven\u00e9ho v\u00edna bol par\u00e1dnym z\u00e1\u017eitkom.<\/p>\n<p>Pred prekro\u010den\u00edm hran\u00edc s Portugalskom som pl\u00e1noval prespa\u0165 v meste\u010dku Plasencia. A\u017e ke\u010f v\u0161etky moje po\u017eiadavky o ubytovanie na Couchsurfingu boli \u00faspe\u0161n\u00e9 a hostitelia tak\u00ed srde\u010dn\u00ed, som si uvedomil \u017ee tri dni tu boli akur\u00e1t!<\/p>    <\/div>\n<\/div>\n<!-- \/module text -->        <\/div>\n                        <\/div>\n        <\/div>\n                        <div  data-lazy=\"1\" class=\"module_row themify_builder_row tb_lwo5684 tf_w\">\n                        <div class=\"row_inner col_align_top tb_col_count_1 tf_box tf_rel\">\n                        <div  data-lazy=\"1\" class=\"module_column tb-column col-full tb_emhx686 first\">\n                    <!-- module image -->\n<div  class=\"module module-image tb_xil5686 image-center   tf_mw\" data-lazy=\"1\">\n        <div class=\"image-wrap tf_rel tf_mw\">\n            <img loading=\"lazy\" decoding=\"async\" src=\"https:\/\/www.bikeslovakia.com\/wp-content\/uploads\/2021\/01\/cycling-in-spain-800x534.jpg\" width=\"800\" height=\"534\" class=\"wp-post-image wp-image-1277\" title=\"Cycling in Extremadura, Spain\" alt=\"Cycling in Extremadura, Spain\" srcset=\"https:\/\/www.bikeslovakia.com\/wp-content\/uploads\/2021\/01\/cycling-in-spain-800x534.jpg 800w, https:\/\/www.bikeslovakia.com\/wp-content\/uploads\/2021\/01\/cycling-in-spain-600x401.jpg 600w, https:\/\/www.bikeslovakia.com\/wp-content\/uploads\/2021\/01\/cycling-in-spain-300x200.jpg 300w, https:\/\/www.bikeslovakia.com\/wp-content\/uploads\/2021\/01\/cycling-in-spain-768x513.jpg 768w, https:\/\/www.bikeslovakia.com\/wp-content\/uploads\/2021\/01\/cycling-in-spain.jpg 1000w\" sizes=\"auto, (max-width: 800px) 100vw, 800px\" \/>    \n        <\/div>\n    <!-- \/image-wrap -->\n    \n        <\/div>\n<!-- \/module image -->        <\/div>\n                        <\/div>\n        <\/div>\n                        <div  data-anchor=\"whatis\" data-hide-anchor=\"1\" data-lazy=\"1\" class=\"module_row themify_builder_row tb_has_section tb_section-whatis tb_f706610 tf_w\">\n                        <div class=\"row_inner col_align_top tb_col_count_1 tf_box tf_rel\">\n                        <div  data-lazy=\"1\" class=\"module_column tb-column col-full tb_erph612 first\">\n                    <!-- module text -->\n<div  class=\"module module-text tb_fk17612   \" data-lazy=\"1\">\n    <h3 class=\"module-title\">Pr\u00edchod k Atlantiku<\/h3>    <div  class=\"tb_text_wrap\">\n        <p>Kopce Portugalska boli posiate vetern\u00fdmi turb\u00ednami. \u010coskoro som si uvedomil, \u017ee z\u00e1padn\u00e9 vetry, ktor\u00e9 tu duj\u00fa od Atlantick\u00e9ho oce\u00e1nu, mi cie\u013e nedaruj\u00fa len tak zadarmo. Po\u010das posledn\u00fdch 30 kilometrov \u0161\u013eapania proti siln\u00e9mu vetru som u\u017e takmer stratil silu a motiv\u00e1ciu. Pri prvom poh\u013eade na obrovsk\u00e9 vlny oce\u00e1nu a prvom n\u00e1dychu vzduchu pln\u00e9ho slobody som na svoje tr\u00e1penie zabudol. V prvom kempe som osl\u00e1vil pr\u00edchod k Atlantiku f\u013ea\u0161kou \u010derven\u00e9ho v\u00edna a camembertom s olivami z Lidla.<\/p>\n<p>Cie\u013e mojej cesty v\u0161ak bol e\u0161te zop\u00e1r kilometrov \u010falej. Najz\u00e1padnej\u0161\u00ed c\u00edp Eur\u00f3py, Cabo da Rica, je \u00fa\u017easn\u00fdm miestom kde skon\u010di\u0165 cestu. Sila oce\u00e1nu a ozrutn\u00e9 \u00fatesy tvoria najlep\u0161ie kulisy na \u0161\u0165astn\u00fd koniec ako vo filme. Po \u00f4smich t\u00fd\u017ed\u0148och a 4500 kilometroch som pri\u0161iel do cie\u013ea. Po nieko\u013ek\u00fdch d\u0148och v \u0161armantnom Lisabone som u\u017e letel domov. Doma ma \u010dakala \u010fal\u0161ia \u017eivotn\u00e1 cesta a ja som c\u00edtil, \u017ee som pripraven\u00fd.<\/p>    <\/div>\n<\/div>\n<!-- \/module text -->        <\/div>\n                        <\/div>\n        <\/div>\n                        <div  data-lazy=\"1\" class=\"module_row themify_builder_row tb_qrx1466 tf_w\">\n                        <div class=\"row_inner col_align_top tb_col_count_1 tf_box tf_rel\">\n                        <div  data-lazy=\"1\" class=\"module_column tb-column col-full tb_7ptl467 first\">\n                    <!-- module image -->\n<div  class=\"module module-image tb_ann1468 image-center   tf_mw\" data-lazy=\"1\">\n        <div class=\"image-wrap tf_rel tf_mw\">\n            <img loading=\"lazy\" decoding=\"async\" src=\"https:\/\/www.bikeslovakia.com\/wp-content\/uploads\/2021\/01\/atlantic-ocean-portugal-1024x578-800x451.jpg\" width=\"800\" height=\"451\" class=\"wp-post-image wp-image-1569\" title=\"atlantic ocean portugal\" alt=\"atlantic ocean portugal\" srcset=\"https:\/\/www.bikeslovakia.com\/wp-content\/uploads\/2021\/01\/atlantic-ocean-portugal-1024x578-800x451.jpg 800w, https:\/\/www.bikeslovakia.com\/wp-content\/uploads\/2021\/01\/atlantic-ocean-portugal-600x339.jpg 600w, https:\/\/www.bikeslovakia.com\/wp-content\/uploads\/2021\/01\/atlantic-ocean-portugal-300x169.jpg 300w, https:\/\/www.bikeslovakia.com\/wp-content\/uploads\/2021\/01\/atlantic-ocean-portugal-1024x578.jpg 1024w, https:\/\/www.bikeslovakia.com\/wp-content\/uploads\/2021\/01\/atlantic-ocean-portugal-768x433.jpg 768w, https:\/\/www.bikeslovakia.com\/wp-content\/uploads\/2021\/01\/atlantic-ocean-portugal.jpg 1352w\" sizes=\"auto, (max-width: 800px) 100vw, 800px\" \/>    \n        <\/div>\n    <!-- \/image-wrap -->\n    \n        <\/div>\n<!-- \/module image -->        <\/div>\n                        <\/div>\n        <\/div>\n        <\/div>\n<!--\/themify_builder_content-->","protected":false},"excerpt":{"rendered":"<p>Toto bola moja \u017eivotn\u00e1 cyklocesta. Prejs\u0165 4500 kilometrov naprie\u010d Eur\u00f3pou s\u00f3lo mi trvalo 2 mesiace a prinieslo neskuto\u010dn\u00e9 mno\u017estvo v\u00fdnimo\u010dn\u00fdch stretnut\u00ed.<\/p>\n","protected":false},"author":1,"featured_media":1569,"comment_status":"closed","ping_status":"open","sticky":false,"template":"","format":"standard","meta":{"footnotes":""},"categories":[3],"tags":[],"class_list":["post-1568","post","type-post","status-publish","format-standard","has-post-thumbnail","hentry","category-uncategorized-sk","has-post-title","has-post-date","has-post-category","has-post-tag","has-post-comment","has-post-author",""],"builder_content":"<h1>Na bicykli naprie\u010d Eur\u00f3pou: zo Slovenska do Portugalska<\/h1>\n<h2 style=\"text-align: center;\">Cesta zo strednej Eur\u00f3py k Atlantiku<\/h2>\n<a href=\"#whatis\" > Chcem \u010d\u00edta\u0165 <\/a>\n<h3>Na bicykli naprie\u010d Eur\u00f3pou: zo Slovenska do Portugalska<\/h3> <p>U\u017e od detstva som bol o\u010daren\u00fd Eur\u00f3pou. Jej geografiou, rozmanitos\u0165ou, dejinami. Od star\u00e9ho otca som dostal n\u00e1dhern\u00fa topografick\u00fa mapu Eur\u00f3py a doteraz vis\u00ed na stene nad mojou poste\u013eou. Moje nad\u0161enie cestova\u0165 a objavova\u0165 sveta ma viedla k \u0161t\u00fadiu geografie na univerzite v Bratislave. P\u00e4\u0165 rokov \u0161t\u00fadia plus jeden rok prest\u00e1vky vyu\u017eit\u00fd na pobyt v zahrani\u010d\u00ed utiekli a v j\u00fani roku 2008 som sa ocitol s titulom. Ke\u010f\u017ee ma \u010dakali dva mesiace vo\u013ena pred \u010fal\u0161\u00edmi pracovn\u00fdmi v\u00fdzvami, c\u00edtil som potrebu si pre\u010disti\u0165 hlavu. My\u0161lienka cyklocesty z domu k atlantick\u00e9mu pobre\u017eiu mi skrsla ako prirodzen\u00fd d\u00f4sledok m\u00f4jho geografick\u00e9ho brainstormingu.<\/p>\n<img src=\"https:\/\/www.bikeslovakia.com\/wp-content\/uploads\/2021\/01\/europe-map-bike-trip-slovakia-portugal-1024x710-800x554.jpg\" width=\"800\" height=\"554\" title=\"europe map bike trip slovakia portugal\" alt=\"europe map bike trip slovakia portugal\" srcset=\"https:\/\/www.bikeslovakia.com\/wp-content\/uploads\/2021\/01\/europe-map-bike-trip-slovakia-portugal-1024x710-800x554.jpg 800w, https:\/\/www.bikeslovakia.com\/wp-content\/uploads\/2021\/01\/europe-map-bike-trip-slovakia-portugal-600x416.jpg 600w, https:\/\/www.bikeslovakia.com\/wp-content\/uploads\/2021\/01\/europe-map-bike-trip-slovakia-portugal-300x208.jpg 300w, https:\/\/www.bikeslovakia.com\/wp-content\/uploads\/2021\/01\/europe-map-bike-trip-slovakia-portugal-1024x710.jpg 1024w, https:\/\/www.bikeslovakia.com\/wp-content\/uploads\/2021\/01\/europe-map-bike-trip-slovakia-portugal-768x533.jpg 768w, https:\/\/www.bikeslovakia.com\/wp-content\/uploads\/2021\/01\/europe-map-bike-trip-slovakia-portugal.jpg 1129w\" sizes=\"(max-width: 800px) 100vw, 800px\" \/>\n<h3>S\u00f3lo jazda ako cestovate\u013esk\u00e1 v\u00fdzva<\/h3> <p>Nebol som zvyknut\u00fd cestova\u0165 s\u00e1m. Ale akosi som c\u00edtil, \u017ee by som to mal sk\u00fasi\u0165. V\u00fdzvu putovania na bicykli naprie\u010d eur\u00f3pskym kontinentom som prijal. Mojimi spolo\u010dn\u00edkmi sa mal sta\u0165 m\u00f4j trekingov\u00fd bicykel, ako aj mno\u017estvo ne\u010dakan\u00fdch aj napl\u00e1novan\u00fdch \u013eudsk\u00fdch stretnut\u00ed. Rozpo\u010det som mal limitovan\u00fd, tak\u017ee prirodzenou vo\u013ebou bolo zobra\u0165 stan, spac\u00e1k a kempingov\u00e1 v\u00fdbava na varenie. Toto bolo v \u010dase, ke\u010f nebolo be\u017en\u00e9 pou\u017e\u00edva\u0165 navig\u00e1ciu GPS, tak cestn\u00e1 mapa Eur\u00f3py v mierke 1:1 000 000 ma sprev\u00e1dzala po\u010das celej cesty. Nie dokonalo, ale sprev\u00e1dzala. V pl\u00e1ne som mal prejs\u0165 4,500 kilometrov za dva mesiace, vr\u00e1tane nejak\u00fdch dn\u00ed na odpo\u010dinok a stretnutia nov\u00fdch kamar\u00e1tov v\u010faka sieti Couchsurfing.<\/p> <p>Prv\u00fd t\u00fd\u017ede\u0148 sme od\u0161tartovali popri Dunaji smerom na z\u00e1pad do Rak\u00faska s kamar\u00e1tmi Jozefom a V\u00e1clavom. Rovinat\u00e1 cyklotrasa popri rieke medzi Vied\u0148ou a Linzom bola v\u00fdborn\u00e1 na \u00favodn\u00e9 rozbicyklovanie. Cesta za\u010dala st\u00fapa\u0165 cez n\u00e1dhern\u00fa scen\u00e9riu jazier a h\u00f4r So\u013enej komory pri Salzburgu. Tu aj nastal \u010das sa rozl\u00fa\u010di\u0165 s kamo\u0161mi a pokra\u010dova\u0165 s\u00e1m.<\/p>\n<img src=\"https:\/\/www.bikeslovakia.com\/wp-content\/uploads\/2021\/01\/austria-salzkammergut-800x534.jpg\" width=\"800\" height=\"534\" title=\"Austria Salzkammergut\" alt=\"Austria Salzkammergut\" srcset=\"https:\/\/www.bikeslovakia.com\/wp-content\/uploads\/2021\/01\/austria-salzkammergut-800x534.jpg 800w, https:\/\/www.bikeslovakia.com\/wp-content\/uploads\/2021\/01\/austria-salzkammergut-600x401.jpg 600w, https:\/\/www.bikeslovakia.com\/wp-content\/uploads\/2021\/01\/austria-salzkammergut-300x200.jpg 300w, https:\/\/www.bikeslovakia.com\/wp-content\/uploads\/2021\/01\/austria-salzkammergut-768x513.jpg 768w, https:\/\/www.bikeslovakia.com\/wp-content\/uploads\/2021\/01\/austria-salzkammergut.jpg 1000w\" sizes=\"(max-width: 800px) 100vw, 800px\" \/>\n<h3>Prich\u00fdlen\u00fd v Alp\u00e1ch<\/h3> <p>Rak\u00faske Alpy s\u00fa \u00fa\u017easn\u00fdm miestom na cyklistiku. Segregovan\u00e9 spevnen\u00e9 cyklotrasy umo\u017e\u0148uj\u00fa si v bezpe\u010d\u00ed u\u017ei\u0165 \u00fa\u017easn\u00e9 horsk\u00e9 scen\u00e9rie a \u0161of\u00e9ri s\u00fa ve\u013emi tolerantn\u00ed k cyklistom. Jedin\u00fdm probl\u00e9m sa m\u00f4\u017ee\u0161 sta\u0165 po\u010dasie. V mojom pr\u00edpade otestovali moju odolnos\u0165 u\u017e v prvom horskom sedle. Siln\u00fd d\u00e1\u017e\u010f ma sprev\u00e1dzal aj cel\u00fd dlh\u00fd zjazd do \u00fadolia a po hodine som bol tot\u00e1lne premo\u010den\u00fd, vr\u00e1tane ve\u013ekej v\u00e4\u010d\u0161iny vec\u00ed. Moje premokav\u00e9 cyklota\u0161ky boli pripraven\u00e9 na n\u00e1horn\u00e9 plo\u0161iny \u0160panielska v auguste, ale nie na alpsk\u00e9 b\u00farky. Na\u0161\u0165astie, vyk\u00fapenie som na\u0161iel v podobe dreven\u00e9ho pr\u00edstre\u0161ku ako vstupn\u00e9ho priestoru s\u00fakromnej chaty pri ceste. Zabalil som sa do spac\u00e1ku a \u010dakal som od neskor\u00e9ho dopoludnia a\u017e do skor\u00e9ho ve\u010dera, ale siln\u00fd d\u00e1\u017e\u010f nie a nie usta\u0165.\u00a0<\/p> <p>U\u017e som sa za\u010dal pripravova\u0165, \u017ee v pr\u00edstre\u0161ku str\u00e1vim aj noc, ke\u010f zrazu prihu\u010dalo auto, vyst\u00fapil z neho mu\u017e a vypytoval sa, \u010do tam rob\u00edm. O\u010dividne majite\u013e chaty. Ur\u010dite ma vykopne, pomyslel som si. Pripravil som \u00fanikov\u00fd pl\u00e1n. Na moje prekvapenie, vyzval ma aby som ho nasledoval za autom. Tak som \u0161iel za n\u00edm. Majite\u013e chaty mi poskytol poste\u013e na noc a ve\u010deru s jeho rodinou k tomu zadarmo v jeho penzi\u00f3ne. Toto bolo jedin\u00fd kr\u00e1t po\u010das celej trasy, kedy mi bolo dopriate to\u013ekej starostlivosti. A uvedomil som si, \u017ee toto sa m\u00f4\u017ee sta\u0165 iba v ozaj pr\u00ed\u0161ernom po\u010das\u00e1. Posledn\u00ed bud\u00fa prv\u00fdmi! Ani som nevedel ako po\u010fakova\u0165 tejto dobrej du\u0161i Vorarlbergu.<\/p>\n<img src=\"https:\/\/www.bikeslovakia.com\/wp-content\/uploads\/2021\/01\/austria-bike-rain-800x534.jpg\" width=\"800\" height=\"534\" title=\"Austria Bike Rain\" alt=\"Austria Bike Rain\" srcset=\"https:\/\/www.bikeslovakia.com\/wp-content\/uploads\/2021\/01\/austria-bike-rain-800x534.jpg 800w, https:\/\/www.bikeslovakia.com\/wp-content\/uploads\/2021\/01\/austria-bike-rain-600x401.jpg 600w, https:\/\/www.bikeslovakia.com\/wp-content\/uploads\/2021\/01\/austria-bike-rain-300x200.jpg 300w, https:\/\/www.bikeslovakia.com\/wp-content\/uploads\/2021\/01\/austria-bike-rain-768x513.jpg 768w, https:\/\/www.bikeslovakia.com\/wp-content\/uploads\/2021\/01\/austria-bike-rain.jpg 1000w\" sizes=\"(max-width: 800px) 100vw, 800px\" \/>\n<h3>Kr\u00ed\u017eom cez \u0160vaj\u010diarsko<\/h3> <p>\u010eal\u0161ie \u00fa\u017easn\u00e9 stretnutie s \u010dlove\u010dinou som za\u017eil len o de\u0148 alebo dva nesk\u00f4r vo \u0161vaj\u010diarskom meste\u010dku Chur. Cestovanie cez \u0160vaj\u010diarsko s n\u00edzkym rozpo\u010dtom m\u00f4\u017ee by\u0165 v\u00fdzva. Prekonal som svoje predsudky o chladn\u00fdch \u0160vaj\u010diaroch a nap\u00edsal svoju prv\u00fa \u017eiados\u0165 o ubytovanie cez Couchsurfing. A moja prv\u00e1 sk\u00fasenos\u0165 prekonala moje najv\u00e4\u010d\u0161ie o\u010dak\u00e1vania. Profil na tejto sieti som si spravil tesne pred cestou, nemal som teda \u017eiadne referencie. Chalan v Chure prijal moju \u017eiados\u0165 a cez sms mi poslal in\u0161trukcie, ako sa dosta\u0165 k nemu do kancel\u00e1rie na okraji mesta. Tu mi dal k\u013e\u00fa\u010de od bytu a presn\u00fa adresu. Bol to luxusn\u00fd penthouse na najvy\u0161\u0161om poschod\u00ed stredovek\u00e9ho domu v centre mesta. Doprial som si k\u00fape\u013e v rohovej vani, uvaril cestoviny pre oboch na ve\u010deru a potom sme pop\u00edjali pivo do neskor\u00fdch ve\u010dern\u00fdch hod\u00edn.\u00a0<\/p> <p style=\"text-align: left;\">\u0160vaj\u010diarsko bol sen na cyklistiku, \u010do sa t\u00fdka scen\u00e9ri\u00ed, ale nie a\u017e tak z poh\u013eadu miesta na postavenie stanu.\u00a0 Veru, s\u00fakromn\u00e9 vlastn\u00edctvo je to \u010do symbolizuje vysok\u00fa \u017eivotn\u00fa \u00farove\u0148, \u017ee? Akoko\u013evek, v\u010faka \u010fal\u0161iemu priate\u013esk\u00e9mu priv\u00e1taniu cez Couchsurfing v meste\u010dku Visp som si u\u017eil \u010fal\u0161\u00ed komfort a pozdie\u013eali \u010dosi zo svojich \u017eivotov. Visp bol moj strategick\u00fd v\u00fdber, ke\u010f\u017ee meste\u010dko je vstupnou br\u00e1nou do \u00fadolia Matter Vispa, na\u00a0 konci ktor\u00e9ho je n\u00e1dhern\u00fd Zermatt s v\u00fdh\u013eadmi na Matterhorn. Najlep\u0161\u00edm cyklistick\u00fdm z\u00e1\u017eitkom v\u0161ak bol v\u00fd\u0161\u013eap do sedla Furkapass (2436 m), najvy\u0161\u0161ieho miesta na celej mojej ceste medzi Slovenskom a Portugalskom.\u00a0<\/p>\n<img src=\"https:\/\/www.bikeslovakia.com\/wp-content\/uploads\/2021\/01\/swiss-bike-800x534.jpg\" width=\"800\" height=\"534\" title=\"Switzerland\" alt=\"Switzerland\" srcset=\"https:\/\/www.bikeslovakia.com\/wp-content\/uploads\/2021\/01\/swiss-bike-800x534.jpg 800w, https:\/\/www.bikeslovakia.com\/wp-content\/uploads\/2021\/01\/swiss-bike-600x401.jpg 600w, https:\/\/www.bikeslovakia.com\/wp-content\/uploads\/2021\/01\/swiss-bike-300x200.jpg 300w, https:\/\/www.bikeslovakia.com\/wp-content\/uploads\/2021\/01\/swiss-bike-768x513.jpg 768w, https:\/\/www.bikeslovakia.com\/wp-content\/uploads\/2021\/01\/swiss-bike.jpg 1000w\" sizes=\"(max-width: 800px) 100vw, 800px\" \/>\n<h3>Franc\u00fazsko, tu som!<\/h3> <p>Franc\u00fazsko ma priv\u00edtalo v plnej par\u00e1de, s dychber\u00facimi v\u00fdh\u013eadmi na Mont Blanc z centra Chamonix. E\u0161te lep\u0161ie priv\u00e1tanie ma v\u0161ak \u010dakalo v malom historickom meste\u010dku Crest pri Valence, kde som str\u00e1vil nieko\u013eko noc\u00ed v rustik\u00e1lnej vile mojich zn\u00e1mych a za\u017eil, o \u010dom je skuto\u010dne franc\u00fazska gastron\u00f3mia. Nieko\u013eko chodov, nieko\u013eko hod\u00edn, ozaj \u0161t\u00fdlov\u00e9. Lisa ma aj ostrihala - a bol to jeden z najlep\u0161\u00edch \u00fa\u010desov, ak\u00e9 som kedy mal! A napokon, miestny alternat\u00edvny hudobn\u00fd festival, kde poh\u00e1r dom\u00e1ceho v\u00edna st\u00e1l 1\u20ac, bol jeden z najlep\u0161\u00edch z\u00e1\u017eitkov celej cesty.<\/p> <p>\u010ealej smerom na juhoz\u00e1pad, som pre\u0161iel nieko\u013eko \u0161armantn\u00fdch mal\u00fdch historick\u00fdch meste\u010diek Provens\u00e1lska a okolo mnoh\u00fdch levandulov\u00fdch pol\u00ed. \u010eal\u0161iu zast\u00e1vku na socializ\u00e1ciu som si spravil v meste Millau, zn\u00e1mom svojim najvy\u0161\u0161\u00edm cestn\u00fdm mostom na svete (246 metrov). Mojim hostite\u013eom bol mimoriadne srandovn\u00fd a kamar\u00e1tsky chlap\u00edk, ktor\u00fd ma na starom ru\u017eovom bicykli na \u010fal\u0161\u00ed de\u0148 vyprevadil dobr\u00fdch 50 kilometrov cez hory Provens\u00e1lska. Jeho \u017eivotnou cyklocestou pod\u013ea jeho slov v\u0161ak bol v\u00fdlet do Berl\u00edna, aby prekvapil svoju frajeru - na tomto bicykli!<\/p>\n<img src=\"https:\/\/www.bikeslovakia.com\/wp-content\/uploads\/2021\/01\/france-provence-bike-800x534.jpg\" width=\"800\" height=\"534\" title=\"Cycling in Provence, France\" alt=\"Cycling in Provence, France\" srcset=\"https:\/\/www.bikeslovakia.com\/wp-content\/uploads\/2021\/01\/france-provence-bike-800x534.jpg 800w, https:\/\/www.bikeslovakia.com\/wp-content\/uploads\/2021\/01\/france-provence-bike-600x401.jpg 600w, https:\/\/www.bikeslovakia.com\/wp-content\/uploads\/2021\/01\/france-provence-bike-300x200.jpg 300w, https:\/\/www.bikeslovakia.com\/wp-content\/uploads\/2021\/01\/france-provence-bike-768x513.jpg 768w, https:\/\/www.bikeslovakia.com\/wp-content\/uploads\/2021\/01\/france-provence-bike.jpg 1000w\" sizes=\"(max-width: 800px) 100vw, 800px\" \/>\n<h3>Naprie\u010d \u0160panielskom<\/h3> <p>M\u00f4j prv\u00fd dotyk s morom na tejto ceste bolo Stredomorsk\u00e9 pobre\u017eie v katal\u00e1nskom stredisku Roses, len nieko\u013eko kilometrov od franc\u00fazsko-\u0161panielskej hranice. Kamar\u00e1tka zo Slovenska Barbora tu tr\u00e1vila pr\u00e1zdniny, tak\u017ee to bola dobr\u00e1 pr\u00edle\u017eitos\u0165 sa na p\u00e1r dn\u00ed zregenerova\u0165 na pl\u00e1\u017ei. Odd\u00fdchnut\u00fd, vybral som sa do kopcov Pyrenej\u00ed a naprie\u010d polop\u00fa\u0161tnou krajinou regi\u00f3nu Extremadura.<\/p> <p>Destin\u00e1ciou roka 2008 bola Zaragoza. Celosvetov\u00e1 v\u00fdstava Expo s tematikou vody pril\u00e1kala tis\u00edce n\u00e1v\u0161tevn\u00edkov. Ja som pozvanie neodmietol tie\u017e, v\u010faka diev\u010dat\u00e1m z Litvy, ktor\u00e9 boli dobrovo\u013en\u00ed\u010dkami v st\u00e1nke Litve na tejto megav\u00e1stave a tie\u017e ma na p\u00e1r noc\u00ed ubytovali.<\/p> <p>Pred bicyklovan\u00edm \u0161panielskym stredozem\u00edm uprostred augusta som mal re\u0161pekt, ale leto bolo tohoto roku relat\u00edvne mierne, ke\u010f najvy\u0161\u0161ie denn\u00e9 teploty dosahovali okolo 35\u00b0C. Teplu som sa prisp\u00f4sobil aj tak, \u017ee som sa zob\u00fadzal e\u0161te pred v\u00fdchodom slnka, bicykloval predpoludn\u00edm a po\u010das obeda a popoludnia som si dal siestu v nejakom parku, pod olivovovn\u00edkom alebo na k\u00fapalisku meste\u010diek. Podve\u010der som e\u0161te pre\u0161iel nejak\u00fdch 40 kilometrov.<\/p> <p>Ako sa uk\u00e1zalo, n\u00e1js\u0165 ubytovanie cez Couchsurfing v Madride bolo priam nemo\u017en\u00e9. Madrid som sa rozhodol ob\u00eds\u0165 jeho ju\u017en\u00fdmi predmestiami a tak som sa pekne vyhol desivej doprave ve\u013ekomesta. Sp\u00e1nok pod hviezdami v olivovom h\u00e1ji s v\u00fdh\u013eadmi na no\u010dn\u00fd Madrid s f\u013ea\u0161kou miestneho \u010derven\u00e9ho v\u00edna bol par\u00e1dnym z\u00e1\u017eitkom.<\/p> <p>Pred prekro\u010den\u00edm hran\u00edc s Portugalskom som pl\u00e1noval prespa\u0165 v meste\u010dku Plasencia. A\u017e ke\u010f v\u0161etky moje po\u017eiadavky o ubytovanie na Couchsurfingu boli \u00faspe\u0161n\u00e9 a hostitelia tak\u00ed srde\u010dn\u00ed, som si uvedomil \u017ee tri dni tu boli akur\u00e1t!<\/p>\n<img src=\"https:\/\/www.bikeslovakia.com\/wp-content\/uploads\/2021\/01\/cycling-in-spain-800x534.jpg\" width=\"800\" height=\"534\" title=\"Cycling in Extremadura, Spain\" alt=\"Cycling in Extremadura, Spain\" srcset=\"https:\/\/www.bikeslovakia.com\/wp-content\/uploads\/2021\/01\/cycling-in-spain-800x534.jpg 800w, https:\/\/www.bikeslovakia.com\/wp-content\/uploads\/2021\/01\/cycling-in-spain-600x401.jpg 600w, https:\/\/www.bikeslovakia.com\/wp-content\/uploads\/2021\/01\/cycling-in-spain-300x200.jpg 300w, https:\/\/www.bikeslovakia.com\/wp-content\/uploads\/2021\/01\/cycling-in-spain-768x513.jpg 768w, https:\/\/www.bikeslovakia.com\/wp-content\/uploads\/2021\/01\/cycling-in-spain.jpg 1000w\" sizes=\"(max-width: 800px) 100vw, 800px\" \/>\n<h3>Pr\u00edchod k Atlantiku<\/h3> <p>Kopce Portugalska boli posiate vetern\u00fdmi turb\u00ednami. \u010coskoro som si uvedomil, \u017ee z\u00e1padn\u00e9 vetry, ktor\u00e9 tu duj\u00fa od Atlantick\u00e9ho oce\u00e1nu, mi cie\u013e nedaruj\u00fa len tak zadarmo. Po\u010das posledn\u00fdch 30 kilometrov \u0161\u013eapania proti siln\u00e9mu vetru som u\u017e takmer stratil silu a motiv\u00e1ciu. Pri prvom poh\u013eade na obrovsk\u00e9 vlny oce\u00e1nu a prvom n\u00e1dychu vzduchu pln\u00e9ho slobody som na svoje tr\u00e1penie zabudol. V prvom kempe som osl\u00e1vil pr\u00edchod k Atlantiku f\u013ea\u0161kou \u010derven\u00e9ho v\u00edna a camembertom s olivami z Lidla.<\/p> <p>Cie\u013e mojej cesty v\u0161ak bol e\u0161te zop\u00e1r kilometrov \u010falej. Najz\u00e1padnej\u0161\u00ed c\u00edp Eur\u00f3py, Cabo da Rica, je \u00fa\u017easn\u00fdm miestom kde skon\u010di\u0165 cestu. Sila oce\u00e1nu a ozrutn\u00e9 \u00fatesy tvoria najlep\u0161ie kulisy na \u0161\u0165astn\u00fd koniec ako vo filme. Po \u00f4smich t\u00fd\u017ed\u0148och a 4500 kilometroch som pri\u0161iel do cie\u013ea. Po nieko\u013ek\u00fdch d\u0148och v \u0161armantnom Lisabone som u\u017e letel domov. Doma ma \u010dakala \u010fal\u0161ia \u017eivotn\u00e1 cesta a ja som c\u00edtil, \u017ee som pripraven\u00fd.<\/p>\n<img src=\"https:\/\/www.bikeslovakia.com\/wp-content\/uploads\/2021\/01\/atlantic-ocean-portugal-1024x578-800x451.jpg\" width=\"800\" height=\"451\" title=\"atlantic ocean portugal\" alt=\"atlantic ocean portugal\" srcset=\"https:\/\/www.bikeslovakia.com\/wp-content\/uploads\/2021\/01\/atlantic-ocean-portugal-1024x578-800x451.jpg 800w, https:\/\/www.bikeslovakia.com\/wp-content\/uploads\/2021\/01\/atlantic-ocean-portugal-600x339.jpg 600w, https:\/\/www.bikeslovakia.com\/wp-content\/uploads\/2021\/01\/atlantic-ocean-portugal-300x169.jpg 300w, https:\/\/www.bikeslovakia.com\/wp-content\/uploads\/2021\/01\/atlantic-ocean-portugal-1024x578.jpg 1024w, https:\/\/www.bikeslovakia.com\/wp-content\/uploads\/2021\/01\/atlantic-ocean-portugal-768x433.jpg 768w, https:\/\/www.bikeslovakia.com\/wp-content\/uploads\/2021\/01\/atlantic-ocean-portugal.jpg 1352w\" sizes=\"(max-width: 800px) 100vw, 800px\" \/>","_links":{"self":[{"href":"https:\/\/www.bikeslovakia.com\/sk\/wp-json\/wp\/v2\/posts\/1568","targetHints":{"allow":["GET"]}}],"collection":[{"href":"https:\/\/www.bikeslovakia.com\/sk\/wp-json\/wp\/v2\/posts"}],"about":[{"href":"https:\/\/www.bikeslovakia.com\/sk\/wp-json\/wp\/v2\/types\/post"}],"author":[{"embeddable":true,"href":"https:\/\/www.bikeslovakia.com\/sk\/wp-json\/wp\/v2\/users\/1"}],"replies":[{"embeddable":true,"href":"https:\/\/www.bikeslovakia.com\/sk\/wp-json\/wp\/v2\/comments?post=1568"}],"version-history":[{"count":5,"href":"https:\/\/www.bikeslovakia.com\/sk\/wp-json\/wp\/v2\/posts\/1568\/revisions"}],"predecessor-version":[{"id":2281,"href":"https:\/\/www.bikeslovakia.com\/sk\/wp-json\/wp\/v2\/posts\/1568\/revisions\/2281"}],"wp:featuredmedia":[{"embeddable":true,"href":"https:\/\/www.bikeslovakia.com\/sk\/wp-json\/wp\/v2\/media\/1569"}],"wp:attachment":[{"href":"https:\/\/www.bikeslovakia.com\/sk\/wp-json\/wp\/v2\/media?parent=1568"}],"wp:term":[{"taxonomy":"category","embeddable":true,"href":"https:\/\/www.bikeslovakia.com\/sk\/wp-json\/wp\/v2\/categories?post=1568"},{"taxonomy":"post_tag","embeddable":true,"href":"https:\/\/www.bikeslovakia.com\/sk\/wp-json\/wp\/v2\/tags?post=1568"}],"curies":[{"name":"wp","href":"https:\/\/api.w.org\/{rel}","templated":true}]}}